{"id":375,"date":"2026-09-02T22:16:53","date_gmt":"2026-09-02T22:16:53","guid":{"rendered":"https:\/\/allezlesfilles.fr\/blog\/carriere\/emploi-temps-partiel-avantages\/"},"modified":"2026-09-02T23:32:52","modified_gmt":"2026-09-02T23:32:52","slug":"emploi-temps-partiel-avantages","status":"publish","type":"post","link":"https:\/\/allezlesfilles.fr\/blog\/carriere\/emploi-temps-partiel-avantages\/","title":{"rendered":"Emploi \u00e0 temps partiel : avantages, droits et o\u00f9 en trouver"},"content":{"rendered":"<p class=\"wp-block-paragraph\"><strong>En bref<\/strong><\/p>\n\n<ul class=\"wp-block-list\"><li>Un <strong>emploi \u00e0 temps partiel<\/strong> correspond \u00e0 une dur\u00e9e inf\u00e9rieure \u00e0 celle pratiqu\u00e9e \u00e0 temps plein dans l\u2019entreprise, g\u00e9n\u00e9ralement 35 heures hebdomadaires.<\/li><li>Le salaire est calcul\u00e9 au prorata des <strong>heures de travail<\/strong>, mais les droits essentiels, comme les cong\u00e9s pay\u00e9s, l\u2019acc\u00e8s \u00e0 la formation ou la protection contre les discriminations, restent comparables \u00e0 ceux des salari\u00e9s \u00e0 temps plein.<\/li><li>La dur\u00e9e minimale est en principe de <strong>24 heures par semaine<\/strong>, avec des exceptions pr\u00e9vues par la loi, les accords collectifs ou la situation de la personne salari\u00e9e.<\/li><li>Une recherche emploi efficace repose sur des crit\u00e8res pr\u00e9cis : volume horaire, r\u00e9partition des journ\u00e9es, trajet, salaire net, possibilit\u00e9s d\u2019\u00e9volution et heures compl\u00e9mentaires.<\/li><li>Les offres d&#8217;emploi se trouvent sur les sites g\u00e9n\u00e9ralistes, France Travail, les plateformes sp\u00e9cialis\u00e9es, les r\u00e9seaux locaux et les pages carri\u00e8re des employeurs.<\/li><\/ul>\n\n<figure class=\"wp-block-table\"><table>\n<thead>\n<tr>\n<th><strong>Peu de temps ? Voil\u00e0 ce qu&rsquo;il faut retenir :<\/strong><\/th>\n<th><strong>Ce que cela change concr\u00e8tement<\/strong><\/th>\n<\/tr>\n<\/thead>\n<tbody>\n<tr>\n<td><strong>Le contrat doit \u00eatre \u00e9crit<\/strong><\/td>\n<td>Il doit notamment indiquer la dur\u00e9e pr\u00e9vue et sa r\u00e9partition entre les jours ou les semaines.<\/td>\n<\/tr>\n<tr>\n<td><strong>24 heures est le seuil de principe<\/strong><\/td>\n<td>Des d\u00e9rogations existent, notamment sur demande \u00e9crite du salari\u00e9 ou selon la convention collective.<\/td>\n<\/tr>\n<tr>\n<td><strong>Les droits ne disparaissent pas<\/strong><\/td>\n<td>Cong\u00e9s, anciennet\u00e9, formation, mutuelle et acc\u00e8s aux postes internes s\u2019appliquent aussi au temps r\u00e9duit.<\/td>\n<\/tr>\n<tr>\n<td><strong>Le risque principal est financier<\/strong><\/td>\n<td>Le revenu mensuel, les indemnit\u00e9s et la retraite peuvent diminuer : le budget doit \u00eatre chiffr\u00e9 avant signature.<\/td>\n<\/tr>\n<\/tbody>\n<\/table><\/figure>\n\n<div id=\"ez-toc-container\" class=\"ez-toc-v2_0_87 counter-hierarchy ez-toc-counter ez-toc-grey ez-toc-container-direction\">\n<div class=\"ez-toc-title-container\">\n<p class=\"ez-toc-title\" style=\"cursor:inherit\">Sommaire<\/p>\n<span class=\"ez-toc-title-toggle\"><a href=\"#\" class=\"ez-toc-pull-right ez-toc-btn ez-toc-btn-xs ez-toc-btn-default ez-toc-toggle\" aria-label=\"Toggle Table of Content\"><span class=\"ez-toc-js-icon-con\"><span class=\"\"><span class=\"eztoc-hide\" style=\"display:none;\">Toggle<\/span><span class=\"ez-toc-icon-toggle-span\"><svg style=\"fill: #999;color:#999\" xmlns=\"http:\/\/www.w3.org\/2000\/svg\" class=\"list-377408\" width=\"20px\" height=\"20px\" viewBox=\"0 0 24 24\" fill=\"none\"><path d=\"M6 6H4v2h2V6zm14 0H8v2h12V6zM4 11h2v2H4v-2zm16 0H8v2h12v-2zM4 16h2v2H4v-2zm16 0H8v2h12v-2z\" fill=\"currentColor\"><\/path><\/svg><svg style=\"fill: #999;color:#999\" class=\"arrow-unsorted-368013\" xmlns=\"http:\/\/www.w3.org\/2000\/svg\" width=\"10px\" height=\"10px\" viewBox=\"0 0 24 24\" version=\"1.2\" baseProfile=\"tiny\"><path d=\"M18.2 9.3l-6.2-6.3-6.2 6.3c-.2.2-.3.4-.3.7s.1.5.3.7c.2.2.4.3.7.3h11c.3 0 .5-.1.7-.3.2-.2.3-.5.3-.7s-.1-.5-.3-.7zM5.8 14.7l6.2 6.3 6.2-6.3c.2-.2.3-.5.3-.7s-.1-.5-.3-.7c-.2-.2-.4-.3-.7-.3h-11c-.3 0-.5.1-.7.3-.2.2-.3.5-.3.7s.1.5.3.7z\"\/><\/svg><\/span><\/span><\/span><\/a><\/span><\/div>\n<nav><ul class='ez-toc-list ez-toc-list-level-1 eztoc-toggle-hide-by-default' ><li class='ez-toc-page-1 ez-toc-heading-level-2'><a class=\"ez-toc-link ez-toc-heading-1\" href=\"https:\/\/allezlesfilles.fr\/blog\/carriere\/emploi-temps-partiel-avantages\/#Comprendre_le_temps_partiel_legal_avant_de_signer_un_contrat\" >Comprendre le temps partiel l\u00e9gal avant de signer un contrat<\/a><\/li><li class='ez-toc-page-1 ez-toc-heading-level-2'><a class=\"ez-toc-link ez-toc-heading-2\" href=\"https:\/\/allezlesfilles.fr\/blog\/carriere\/emploi-temps-partiel-avantages\/#Les_avantages_emploi_partiel_a_evaluer_sans_masquer_le_cout_reel\" >Les avantages emploi partiel \u00e0 \u00e9valuer sans masquer le co\u00fbt r\u00e9el<\/a><\/li><li class='ez-toc-page-1 ez-toc-heading-level-2'><a class=\"ez-toc-link ez-toc-heading-3\" href=\"https:\/\/allezlesfilles.fr\/blog\/carriere\/emploi-temps-partiel-avantages\/#Connaitre_les_droits_des_travailleurs_a_temps_partiel_au_quotidien\" >Conna\u00eetre les droits des travailleurs \u00e0 temps partiel au quotidien<\/a><\/li><li class='ez-toc-page-1 ez-toc-heading-level-2'><a class=\"ez-toc-link ez-toc-heading-4\" href=\"https:\/\/allezlesfilles.fr\/blog\/carriere\/emploi-temps-partiel-avantages\/#Trouver_des_offres_demploi_a_temps_partiel_sans_perdre_du_temps\" >Trouver des offres d&#8217;emploi \u00e0 temps partiel sans perdre du temps<\/a><\/li><li class='ez-toc-page-1 ez-toc-heading-level-2'><a class=\"ez-toc-link ez-toc-heading-5\" href=\"https:\/\/allezlesfilles.fr\/blog\/carriere\/emploi-temps-partiel-avantages\/#Negocier_la_flexibilite_horaire_et_securiser_son_evolution_professionnelle\" >N\u00e9gocier la flexibilit\u00e9 horaire et s\u00e9curiser son \u00e9volution professionnelle<\/a><\/li><\/ul><\/nav><\/div>\n<h2 class=\"wp-block-heading\"><span class=\"ez-toc-section\" id=\"Comprendre_le_temps_partiel_legal_avant_de_signer_un_contrat\"><\/span>Comprendre le temps partiel l\u00e9gal avant de signer un contrat<span class=\"ez-toc-section-end\"><\/span><\/h2>\n\n<p class=\"wp-block-paragraph\">Le <strong>temps partiel l\u00e9gal<\/strong> ne d\u00e9signe pas un statut moins protecteur. Il s\u2019agit d\u2019une organisation du travail dans laquelle la dur\u00e9e contractuelle est inf\u00e9rieure \u00e0 la dur\u00e9e applicable \u00e0 temps plein dans l\u2019entreprise. Dans la majorit\u00e9 des cas, cette r\u00e9f\u00e9rence est fix\u00e9e \u00e0 35 heures par semaine. Une personne employ\u00e9e 20, 24, 28 ou 30 heures peut donc \u00eatre salari\u00e9e \u00e0 temps partiel, en CDI comme en CDD.<\/p>\n\n<p class=\"wp-block-paragraph\">Le point de d\u00e9part est le document sign\u00e9. Un <strong>contrat \u00e0 temps partiel<\/strong> doit \u00eatre \u00e9tabli par \u00e9crit. Il doit faire appara\u00eetre la qualification, la r\u00e9mun\u00e9ration, la dur\u00e9e de travail pr\u00e9vue, ainsi que la mani\u00e8re dont cette dur\u00e9e est distribu\u00e9e dans la semaine ou dans le mois. Il doit aussi encadrer les conditions dans lesquelles l\u2019employeur peut demander des heures compl\u00e9mentaires. Ces mentions \u00e9vitent qu\u2019un poste annonc\u00e9 \u00e0 24 heures se transforme, dans les faits, en disponibilit\u00e9 permanente.<\/p>\n\n<p class=\"wp-block-paragraph\">La r\u00e8gle g\u00e9n\u00e9rale fixe une dur\u00e9e minimale de 24 heures par semaine, ou son \u00e9quivalent mensuel. Elle n\u2019est toutefois pas absolue. Une convention collective peut pr\u00e9voir une autre organisation, et une salari\u00e9e peut demander une dur\u00e9e inf\u00e9rieure par \u00e9crit pour faire face \u00e0 des contraintes personnelles ou pour cumuler plusieurs activit\u00e9s. Les \u00e9tudiants de moins de 26 ans poursuivant leurs \u00e9tudes disposent \u00e9galement d\u2019un r\u00e9gime particulier. Les r\u00e8gles d\u00e9taill\u00e9es sont accessibles sur la page <a href=\"https:\/\/www.service-public.fr\/particuliers\/vosdroits\/F32406\" target=\"_blank\" rel=\"noopener\">temps partiel d&rsquo;un salari\u00e9 dans le secteur priv\u00e9<\/a> de Service-Public.<\/p>\n\n<p class=\"wp-block-paragraph\">Cette distinction compte au moment de comparer des annonces. Une proposition \u00e0 20 heures hebdomadaires n\u2019est pas forc\u00e9ment irr\u00e9guli\u00e8re, mais elle m\u00e9rite une question simple : <strong>sur quel fondement cette dur\u00e9e inf\u00e9rieure \u00e0 24 heures repose-t-elle ?<\/strong> Une entreprise s\u00e9rieuse peut r\u00e9pondre clairement, en renvoyant si besoin \u00e0 l\u2019accord de branche ou \u00e0 la demande \u00e9crite attendue de la salari\u00e9e. \u00c0 l\u2019inverse, une r\u00e9ponse vague sur \u00ab la souplesse \u00bb ou \u00ab les besoins variables \u00bb doit alerter.<\/p>\n\n<h3 class=\"wp-block-heading\">La r\u00e9partition des horaires est aussi importante que le nombre d\u2019heures<\/h3>\n\n<p class=\"wp-block-paragraph\">Deux emplois de 20 heures peuvent produire des r\u00e9alit\u00e9s tr\u00e8s diff\u00e9rentes. Le premier peut concentrer les journ\u00e9es sur trois matin\u00e9es, laissant deux jours disponibles. Le second peut imposer une pr\u00e9sence de deux heures chaque jour, avec des coupures longues et des trajets r\u00e9p\u00e9t\u00e9s. Sur une fiche de poste, le volume horaire ne suffit donc jamais \u00e0 mesurer l\u2019int\u00e9r\u00eat r\u00e9el du poste.<\/p>\n\n<p class=\"wp-block-paragraph\">Claire, 37 ans, envisage un contrat de 20 heures dans le commerce. L\u2019annonce para\u00eet compatible avec sa vie familiale. Lors de l\u2019entretien, elle d\u00e9couvre que les cr\u00e9neaux sont r\u00e9partis du lundi au samedi, avec une disponibilit\u00e9 demand\u00e9e jusqu\u2019\u00e0 20 heures. Le salaire correspond bien \u00e0 20 heures, mais l\u2019organisation bloque presque toute possibilit\u00e9 de second emploi, de formation ou de temps personnel. Le probl\u00e8me n\u2019est pas le temps r\u00e9duit : c\u2019est l\u2019amplitude de disponibilit\u00e9 exig\u00e9e.<\/p>\n\n<p class=\"wp-block-paragraph\">Avant d\u2019accepter, il est utile de demander une simulation de planning sur quatre semaines. Cette question est concr\u00e8te : \u00ab Pouvez-vous me montrer la r\u00e9partition habituelle des horaires et m\u2019indiquer les plages sur lesquelles des changements interviennent ? \u00bb La r\u00e9ponse permet d\u2019\u00e9valuer la v\u00e9ritable <strong>flexibilit\u00e9 horaire<\/strong>, qui ne doit pas \u00eatre confondue avec une flexibilit\u00e9 uniquement demand\u00e9e au salari\u00e9.<\/p>\n\n<p class=\"wp-block-paragraph\">Le contrat doit \u00e9galement mentionner les limites dans lesquelles les horaires peuvent \u00eatre modifi\u00e9s. L\u2019employeur ne peut pas d\u00e9placer librement les cr\u00e9neaux au dernier moment en dehors des r\u00e8gles pr\u00e9vues. Lorsque l\u2019organisation promise lors du recrutement ne correspond plus \u00e0 la r\u00e9alit\u00e9, conserver les plannings, les messages et les relev\u00e9s d\u2019heures cr\u00e9e une trace utile pour \u00e9changer avec les ressources humaines ou les repr\u00e9sentants du personnel.<\/p>\n\n<p class=\"wp-block-paragraph\">Un autre \u00e9l\u00e9ment m\u00e9rite attention : le cumul d\u2019emplois. Il est possible d\u2019avoir plusieurs employeurs, \u00e0 condition de respecter les dur\u00e9es maximales de travail et les temps de repos. Cela peut s\u00e9curiser un revenu, mais suppose de v\u00e9rifier les plannings avec pr\u00e9cision. Un temps partiel choisi fonctionne lorsqu\u2019il prot\u00e8ge aussi du travail morcel\u00e9 et impr\u00e9visible.<\/p>\n\n\n\n<figure class=\"wp-block-image size-large\"><img loading=\"lazy\" decoding=\"async\" width=\"1672\" height=\"941\" src=\"https:\/\/allezlesfilles.fr\/blog\/wp-content\/uploads\/2026\/09\/droits-temps-partiel-espace-travail-fenetre.jpg\" alt=\"Espace de travail lumineux avec ordinateur et cahier pr\u00e8s d&apos;une large fen\u00eatre\" class=\"wp-image-377\" srcset=\"https:\/\/allezlesfilles.fr\/blog\/wp-content\/uploads\/2026\/09\/droits-temps-partiel-espace-travail-fenetre.jpg 1672w, https:\/\/allezlesfilles.fr\/blog\/wp-content\/uploads\/2026\/09\/droits-temps-partiel-espace-travail-fenetre-300x169.jpg 300w, https:\/\/allezlesfilles.fr\/blog\/wp-content\/uploads\/2026\/09\/droits-temps-partiel-espace-travail-fenetre-1024x576.jpg 1024w, https:\/\/allezlesfilles.fr\/blog\/wp-content\/uploads\/2026\/09\/droits-temps-partiel-espace-travail-fenetre-768x432.jpg 768w, https:\/\/allezlesfilles.fr\/blog\/wp-content\/uploads\/2026\/09\/droits-temps-partiel-espace-travail-fenetre-1536x864.jpg 1536w\" sizes=\"auto, (max-width: 1672px) 100vw, 1672px\" \/><figcaption class=\"wp-element-caption\">Illustration g\u00e9n\u00e9r\u00e9e par intelligence artificielle.<\/figcaption><\/figure>\n\n<h2 class=\"wp-block-heading\"><span class=\"ez-toc-section\" id=\"Les_avantages_emploi_partiel_a_evaluer_sans_masquer_le_cout_reel\"><\/span>Les avantages emploi partiel \u00e0 \u00e9valuer sans masquer le co\u00fbt r\u00e9el<span class=\"ez-toc-section-end\"><\/span><\/h2>\n\n<p class=\"wp-block-paragraph\">Les <strong>avantages emploi partiel<\/strong> sont r\u00e9els lorsqu\u2019ils correspondent \u00e0 un projet pr\u00e9cis : suivre une formation, reprendre progressivement apr\u00e8s un cong\u00e9, exercer une activit\u00e9 ind\u00e9pendante, accompagner un proche ou retrouver des marges de respiration. Le premier b\u00e9n\u00e9fice est souvent l\u2019organisation du temps. Une dur\u00e9e r\u00e9duite peut faciliter un <strong>\u00e9quilibre vie pro perso<\/strong> plus stable, \u00e0 condition que les horaires soient pr\u00e9visibles et que les journ\u00e9es ne soient pas dispers\u00e9es.<\/p>\n\n<p class=\"wp-block-paragraph\">Pour certaines personnes, le format constitue une porte d\u2019entr\u00e9e. Un poste de 20 \u00e0 30 heures peut permettre de revenir vers l\u2019emploi apr\u00e8s une interruption, de remettre \u00e0 jour ses comp\u00e9tences ou de tester un secteur sans abandonner imm\u00e9diatement une autre activit\u00e9. C\u2019est particuli\u00e8rement pertinent dans les m\u00e9tiers o\u00f9 l\u2019exp\u00e9rience compte autant que le dipl\u00f4me : accueil, vente, administration, service \u00e0 la personne, restauration, logistique, soutien scolaire ou fonctions num\u00e9riques en t\u00e9l\u00e9travail.<\/p>\n\n<p class=\"wp-block-paragraph\">Le temps r\u00e9duit peut aussi devenir un outil de transition. Une salari\u00e9e qui construit une reconversion peut pr\u00e9server un revenu r\u00e9gulier tout en avan\u00e7ant sur une certification. Avant de s\u2019engager, elle peut s\u2019appuyer sur les d\u00e9marches expliqu\u00e9es dans ce guide pour <a href=\"https:\/\/allezlesfilles.fr\/blog\/carriere\/financer-reconversion-cpf\/\">financer une reconversion avec le CPF<\/a>. L\u2019enjeu est de relier le nombre d\u2019heures lib\u00e9r\u00e9es \u00e0 un objectif mesurable : cours suivis, stage, prospection ou pr\u00e9paration d\u2019examen.<\/p>\n\n<p class=\"wp-block-paragraph\">La limite est financi\u00e8re. Le salaire brut est en principe proportionnel \u00e0 la dur\u00e9e travaill\u00e9e, sauf convention ou accord plus favorable. Un contrat de 20 heures pay\u00e9 au taux horaire du poste ne procure pas 20\/35e du confort budg\u00e9taire d\u2019un temps plein : certaines d\u00e9penses, notamment le transport, l\u2019\u00e9quipement ou la garde d\u2019enfants, ne diminuent pas dans les m\u00eames proportions. La bonne comparaison consiste \u00e0 passer du brut au montant r\u00e9ellement disponible apr\u00e8s ces frais.<\/p>\n\n<h3 class=\"wp-block-heading\">Chiffrer le choix avant la r\u00e9ponse \u00e0 l\u2019employeur<\/h3>\n\n<p class=\"wp-block-paragraph\">Une m\u00e9thode simple consiste \u00e0 \u00e9tablir trois colonnes : revenu net estim\u00e9, d\u00e9penses directement li\u00e9es au travail et revenu restant. Pour un poste \u00e0 20 heures r\u00e9mun\u00e9r\u00e9 12,31 euros bruts par heure, l\u2019ordre de grandeur brut mensuel se calcule sur environ 86,7 heures par mois : 20 heures multipli\u00e9es par 52 semaines, puis divis\u00e9es par 12. Ce calcul donne une base de comparaison, pas une estimation nette universelle : les cotisations, la mutuelle, les titres-restaurant et la situation fiscale font varier le r\u00e9sultat.<\/p>\n\n<p class=\"wp-block-paragraph\">Dans les annonces r\u00e9centes, des postes \u00e0 20 heures dans la Haute-Garonne affichent par exemple une r\u00e9mun\u00e9ration comprise entre 12,31 et 14 euros de l\u2019heure, tandis que certains contrats de 30 heures saisonniers se situent autour de 12,31 \u00e0 12,91 euros. Ces chiffres doivent \u00eatre lus avec prudence : un taux horaire un peu plus \u00e9lev\u00e9 ne compense pas toujours un trajet long, des horaires coup\u00e9s ou une absence de compl\u00e9ment d\u2019heures garanti.<\/p>\n\n<ul class=\"wp-block-list\"><li><strong>Demander le salaire mensuel brut<\/strong> correspondant au volume contractuel, pas seulement le taux horaire.<\/li><li><strong>V\u00e9rifier les frais fixes<\/strong> : transport, repas, garde, stationnement et mat\u00e9riel impos\u00e9.<\/li><li><strong>Regarder la convention collective<\/strong> pour les primes, majorations, anciennet\u00e9 et indemnit\u00e9s applicables.<\/li><li><strong>Mesurer le temps invisible<\/strong> : amplitude, attente entre deux services, pr\u00e9paration et trajet.<\/li><li><strong>Tester le budget sur trois mois<\/strong>, car les premi\u00e8res d\u00e9penses et les variations d\u2019horaires p\u00e8sent souvent davantage au d\u00e9but.<\/li><\/ul>\n\n<p class=\"wp-block-paragraph\">La retraite doit \u00e9galement entrer dans le raisonnement. Cotiser moins longtemps ou sur un revenu inf\u00e9rieur peut r\u00e9duire les droits futurs, m\u00eame si les r\u00e8gles d\u00e9pendent de l\u2019ensemble de la carri\u00e8re. Il ne s\u2019agit pas de renoncer \u00e0 un am\u00e9nagement n\u00e9cessaire, mais de l\u2019int\u00e9grer dans une d\u00e9cision \u00e9clair\u00e9e. Le service officiel Info-retraite propose des relev\u00e9s et des simulateurs permettant d\u2019observer les effets d\u2019une trajectoire sur les droits acquis.<\/p>\n\n<p class=\"wp-block-paragraph\">Le meilleur temps partiel n\u2019est donc pas celui qui promet vaguement \u00ab plus de temps \u00bb. C\u2019est celui dont le revenu, les horaires et les perspectives restent coh\u00e9rents avec une situation concr\u00e8te, aujourd\u2019hui comme dans les ann\u00e9es qui suivent.<\/p>\n\n<figure class=\"is-provider-youtube is-type-video wp-block-embed wp-block-embed-youtube wp-embed-aspect-16-9 wp-has-aspect-ratio\"><div class=\"wp-block-embed__wrapper\">\n<iframe loading=\"lazy\" title=\"Le temps partiel | Web s\u00e9rie droit du travail\" width=\"500\" height=\"281\" src=\"https:\/\/www.youtube.com\/embed\/ZLRczX3vmeg?feature=oembed\" frameborder=\"0\" allow=\"accelerometer; autoplay; clipboard-write; encrypted-media; gyroscope; picture-in-picture; web-share\" referrerpolicy=\"strict-origin-when-cross-origin\" allowfullscreen><\/iframe>\n<\/div><\/figure>\n\n<h2 class=\"wp-block-heading\"><span class=\"ez-toc-section\" id=\"Connaitre_les_droits_des_travailleurs_a_temps_partiel_au_quotidien\"><\/span>Conna\u00eetre les droits des travailleurs \u00e0 temps partiel au quotidien<span class=\"ez-toc-section-end\"><\/span><\/h2>\n\n<p class=\"wp-block-paragraph\">Les <strong>droits des travailleurs<\/strong> \u00e0 temps partiel reposent sur un principe d\u2019\u00e9galit\u00e9 de traitement. Une salari\u00e9e \u00e0 dur\u00e9e r\u00e9duite ne peut pas \u00eatre \u00e9cart\u00e9e des avantages accord\u00e9s aux coll\u00e8gues \u00e0 temps plein au seul motif de son horaire. Cong\u00e9s pay\u00e9s, anciennet\u00e9, acc\u00e8s \u00e0 la formation professionnelle, repr\u00e9sentation du personnel, protection sociale, r\u00e8gles de sant\u00e9 et de s\u00e9curit\u00e9 : ces droits existent, sous r\u00e9serve des conditions applicables \u00e0 l\u2019ensemble des salari\u00e9s.<\/p>\n\n<p class=\"wp-block-paragraph\">Les cong\u00e9s pay\u00e9s constituent un exemple fr\u00e9quent de malentendu. Le nombre de jours acquis ne baisse pas parce qu\u2019une personne travaille moins de jours dans la semaine : le droit aux cong\u00e9s se calcule selon les r\u00e8gles communes d\u2019acquisition. En revanche, l\u2019indemnit\u00e9 de cong\u00e9s refl\u00e8te la r\u00e9mun\u00e9ration habituelle. Une salari\u00e9e \u00e0 24 heures ne doit donc pas accepter l\u2019id\u00e9e qu\u2019elle aurait automatiquement \u00ab moins de semaines \u00bb de repos qu\u2019une coll\u00e8gue \u00e0 temps plein.<\/p>\n\n<p class=\"wp-block-paragraph\">L\u2019acc\u00e8s \u00e0 la formation est tout aussi strat\u00e9gique. Un emploi \u00e0 dur\u00e9e r\u00e9duite ne doit pas enfermer dans un r\u00f4le d\u2019ex\u00e9cution sans \u00e9volution. Les entretiens professionnels, les formations internes et les mobilit\u00e9s doivent rester accessibles. Lors d\u2019un recrutement, une question utile consiste \u00e0 demander quels parcours ont r\u00e9ellement suivi les personnes embauch\u00e9es \u00e0 temps partiel au cours des deux derni\u00e8res ann\u00e9es. Les r\u00e9ponses concr\u00e8tes valent davantage qu\u2019une promesse g\u00e9n\u00e9rale d\u2019\u00e9volution.<\/p>\n\n<h3 class=\"wp-block-heading\">Heures compl\u00e9mentaires : ce que l\u2019employeur peut demander<\/h3>\n\n<p class=\"wp-block-paragraph\">Les heures effectu\u00e9es au-del\u00e0 de la dur\u00e9e pr\u00e9vue dans un contrat \u00e0 temps partiel sont des <strong>heures compl\u00e9mentaires<\/strong>. Elles ne sont pas des heures suppl\u00e9mentaires, terme r\u00e9serv\u00e9 au temps plein. Leur volume est encadr\u00e9 : en principe, il ne peut pas d\u00e9passer un dixi\u00e8me de la dur\u00e9e inscrite au contrat, sauf si une convention ou un accord collectif autorise un plafond sup\u00e9rieur, dans la limite du tiers de cette dur\u00e9e. Les modalit\u00e9s de majoration d\u00e9pendent \u00e9galement du nombre d\u2019heures accomplies et des textes applicables.<\/p>\n\n<p class=\"wp-block-paragraph\">Pour une salari\u00e9e embauch\u00e9e \u00e0 20 heures, la premi\u00e8re v\u00e9rification est simple : combien d\u2019heures compl\u00e9mentaires l\u2019employeur envisage-t-il r\u00e9guli\u00e8rement, et \u00e0 quelles conditions ? Si l\u2019entreprise compte structurellement sur 25 ou 28 heures, un contrat initial \u00e0 20 heures peut masquer un besoin durable plus \u00e9lev\u00e9. Dans cette situation, demander une augmentation de la dur\u00e9e contractuelle peut apporter davantage de s\u00e9curit\u00e9 qu\u2019une succession d\u2019ajustements impr\u00e9visibles.<\/p>\n\n<p class=\"wp-block-paragraph\">Le refus d\u2019effectuer des heures compl\u00e9mentaires est possible dans certaines situations, notamment lorsqu\u2019elles sont demand\u00e9es au-del\u00e0 des limites pr\u00e9vues ou sans respect du d\u00e9lai de pr\u00e9venance fix\u00e9 par le contrat ou l\u2019accord applicable. Le droit du travail comporte des nuances selon le secteur ; les r\u00e8gles opposables figurent notamment dans le <a href=\"https:\/\/www.legifrance.gouv.fr\/codes\/section_lc\/LEGITEXT000006072050\/LEGISCTA000006160757\/\" target=\"_blank\" rel=\"noopener\">Code du travail sur le temps partiel<\/a>. Cette information g\u00e9n\u00e9rale ne remplace pas l\u2019analyse d\u2019un avocat, d\u2019un syndicat ou d\u2019un d\u00e9fenseur syndical face \u00e0 un litige individuel.<\/p>\n\n<p class=\"wp-block-paragraph\">La priorit\u00e9 d\u2019acc\u00e8s \u00e0 un poste \u00e0 temps plein ou \u00e0 un poste offrant une dur\u00e9e plus longue constitue un autre levier utile. Lorsqu\u2019un emploi compatible avec sa qualification se lib\u00e8re, la personne \u00e0 temps partiel peut demander \u00e0 en \u00eatre inform\u00e9e et se porter candidate. Il est pr\u00e9f\u00e9rable de le faire par \u00e9crit, avec une phrase sobre : \u00ab Je souhaite \u00eatre inform\u00e9e des postes \u00e0 temps complet ou \u00e0 dur\u00e9e sup\u00e9rieure correspondant \u00e0 ma qualification. \u00bb Cette trace limite les oublis opportunistes.<\/p>\n\n<p class=\"wp-block-paragraph\">Enfin, aucun am\u00e9nagement de dur\u00e9e ne justifie une diff\u00e9rence de traitement li\u00e9e au sexe, \u00e0 la grossesse, \u00e0 la parentalit\u00e9, \u00e0 l\u2019\u00e9tat de sant\u00e9 ou \u00e0 l\u2019origine. En cas de remarques, d\u2019\u00e9viction ou de pression, documenter les faits est prioritaire. Les d\u00e9marches et recours en cas de <a href=\"https:\/\/allezlesfilles.fr\/blog\/carriere\/harcelement-discrimination-recours\/\">harc\u00e8lement ou discrimination au travail<\/a> permettent de structurer les premi\u00e8res preuves et les interlocuteurs \u00e0 mobiliser.<\/p>\n\n<p class=\"wp-block-paragraph\">Le contrat \u00e0 dur\u00e9e r\u00e9duite prot\u00e8ge r\u00e9ellement lorsqu\u2019il reste \u00e9crit, contr\u00f4lable et compatible avec les m\u00eames perspectives professionnelles que les autres postes.<\/p>\n\n<h2 class=\"wp-block-heading\"><span class=\"ez-toc-section\" id=\"Trouver_des_offres_demploi_a_temps_partiel_sans_perdre_du_temps\"><\/span>Trouver des offres d&#8217;emploi \u00e0 temps partiel sans perdre du temps<span class=\"ez-toc-section-end\"><\/span><\/h2>\n\n<p class=\"wp-block-paragraph\">La <strong>recherche emploi<\/strong> \u00e0 temps r\u00e9duit gagne \u00e0 \u00eatre organis\u00e9e comme une enqu\u00eate, pas comme une simple succession de candidatures. Le mot-cl\u00e9 \u00ab temps partiel \u00bb ram\u00e8ne un volume consid\u00e9rable d\u2019annonces, mais beaucoup omettent la r\u00e9partition des horaires, le salaire mensuel ou la nature exacte du contrat. Un bon tri repose donc sur des filtres et sur une lecture attentive des lignes qui semblent secondaires.<\/p>\n\n<p class=\"wp-block-paragraph\">Les plateformes g\u00e9n\u00e9ralistes et France Travail sont un point de d\u00e9part utile, particuli\u00e8rement pour les postes de vente, d\u2019accueil, de services, de soins, d\u2019administration et de logistique. Certaines plateformes sp\u00e9cialis\u00e9es annoncent plus de 39 000 postes \u00e0 temps r\u00e9duit disponibles, du niveau d\u00e9butant aux fonctions d\u2019encadrement. Ce volume ne garantit pas que chaque annonce soit adapt\u00e9e : il montre surtout que le march\u00e9 est large et que la s\u00e9lection doit \u00eatre rigoureuse.<\/p>\n\n<p class=\"wp-block-paragraph\">Les pages carri\u00e8re des entreprises, les agences d\u2019int\u00e9rim, les r\u00e9seaux de quartier et les candidatures directes compl\u00e8tent cette recherche. Pour le t\u00e9l\u00e9travail, une vigilance particuli\u00e8re s\u2019impose : le terme est parfois utilis\u00e9 pour un ou deux jours \u00e0 distance, parfois pour une organisation presque int\u00e9gralement distante. Ce rep\u00e8re sur les <a href=\"https:\/\/allezlesfilles.fr\/blog\/carriere\/offres-emploi-teletravail\/\">offres d\u2019emploi en t\u00e9l\u00e9travail<\/a> aide \u00e0 distinguer la promesse du cadre r\u00e9ellement propos\u00e9.<\/p>\n\n<h3 class=\"wp-block-heading\">Utiliser les annonces comme un outil de comparaison<\/h3>\n\n<p class=\"wp-block-paragraph\">Une annonce r\u00e9cente pour un CDI de 20 heures autour d\u2019Aigrefeuille, Auzielle ou Ramonville-Saint-Agne affiche une fourchette de 12,31 \u00e0 14 euros de l\u2019heure. D\u2019autres propositions indiquent 19 ou 20 heures hebdomadaires, tandis qu\u2019un CDD saisonnier peut monter \u00e0 30 heures. Ces exemples donnent des rep\u00e8res, mais ne remplacent pas une comparaison compl\u00e8te : la dur\u00e9e, le contrat, la zone g\u00e9ographique et les contraintes de planning changent l\u2019\u00e9quation.<\/p>\n\n<ol class=\"wp-block-list\"><li><strong>Cr\u00e9er trois alertes distinctes<\/strong> : \u00ab temps partiel CDI \u00bb, \u00ab 24 heures \u00bb et \u00ab 30 heures \u00bb, avec le m\u00e9tier et la zone recherch\u00e9s.<\/li><li><strong>Exclure les annonces sans volume horaire<\/strong> lorsque la disponibilit\u00e9 est trop large ou que les horaires sont pr\u00e9sent\u00e9s comme totalement variables.<\/li><li><strong>Noter chaque offre<\/strong> sur cinq crit\u00e8res : salaire, trajet, r\u00e9partition, stabilit\u00e9 du contrat et progression possible.<\/li><li><strong>Pr\u00e9parer un message de candidature cibl\u00e9<\/strong> qui indique les comp\u00e9tences et les plages de disponibilit\u00e9, sans justifier sa vie priv\u00e9e.<\/li><li><strong>Relancer apr\u00e8s une semaine<\/strong> avec une question pr\u00e9cise sur le processus et les horaires, plut\u00f4t qu\u2019un message g\u00e9n\u00e9rique.<\/li><\/ol>\n\n<p class=\"wp-block-paragraph\">La candidature peut \u00eatre directe : \u00ab Votre poste correspond \u00e0 mon exp\u00e9rience en accueil et gestion administrative. Je recherche une dur\u00e9e de 24 \u00e0 28 heures hebdomadaires avec une r\u00e9partition stable ; pouvez-vous me pr\u00e9ciser l\u2019organisation habituelle des semaines ? \u00bb Cette formulation pose un cadre sans fermer la discussion. Elle \u00e9vite aussi d\u2019arriver en entretien sans information sur le point le plus d\u00e9terminant.<\/p>\n\n<p class=\"wp-block-paragraph\">Pour les profils \u00e9tudiants, les week-ends, les soir\u00e9es et les p\u00e9riodes de vacances modifient souvent les offres disponibles. Les r\u00e8gles pratiques, secteurs recruteurs et pr\u00e9cautions utiles sont d\u00e9taill\u00e9s dans ce guide sur le <a href=\"https:\/\/allezlesfilles.fr\/blog\/carriere\/job-etudiant-paris\/\">job \u00e9tudiant \u00e0 Paris<\/a>. Une recherche g\u00e9olocalis\u00e9e reste essentielle : gagner deux euros de plus par heure peut perdre son int\u00e9r\u00eat avec une heure de trajet quotidien.<\/p>\n\n<p class=\"wp-block-paragraph\">Le bon indicateur n\u2019est pas le nombre de candidatures envoy\u00e9es. C\u2019est la proportion d\u2019offres qui correspondent r\u00e9ellement au rythme, au revenu et \u00e0 la trajectoire recherch\u00e9s.<\/p>\n\n<figure class=\"is-provider-youtube is-type-video wp-block-embed wp-block-embed-youtube wp-embed-aspect-16-9 wp-has-aspect-ratio\"><div class=\"wp-block-embed__wrapper\">\n<iframe loading=\"lazy\" title=\"Travail \u00e0 temps partiel : les modalit\u00e9s\" width=\"500\" height=\"281\" src=\"https:\/\/www.youtube.com\/embed\/3URAYtCutBk?feature=oembed\" frameborder=\"0\" allow=\"accelerometer; autoplay; clipboard-write; encrypted-media; gyroscope; picture-in-picture; web-share\" referrerpolicy=\"strict-origin-when-cross-origin\" allowfullscreen><\/iframe>\n<\/div><\/figure>\n\n<h2 class=\"wp-block-heading\"><span class=\"ez-toc-section\" id=\"Negocier_la_flexibilite_horaire_et_securiser_son_evolution_professionnelle\"><\/span>N\u00e9gocier la flexibilit\u00e9 horaire et s\u00e9curiser son \u00e9volution professionnelle<span class=\"ez-toc-section-end\"><\/span><\/h2>\n\n<p class=\"wp-block-paragraph\">Accepter un emploi \u00e0 temps partiel ne signifie pas accepter une place p\u00e9riph\u00e9rique. Le risque, dans certaines organisations, est de se voir confier moins de dossiers visibles, moins de formations ou moins de possibilit\u00e9s d\u2019\u00e9volution, au pr\u00e9texte que la pr\u00e9sence est r\u00e9duite. Pourtant, la qualit\u00e9 du travail ne se mesure pas au temps pass\u00e9 tard le soir ni \u00e0 la disponibilit\u00e9 sur un t\u00e9l\u00e9phone personnel.<\/p>\n\n<p class=\"wp-block-paragraph\">La n\u00e9gociation commence avant la signature. Au lieu de demander seulement \u00ab Est-ce flexible ? \u00bb, mieux vaut formuler des questions v\u00e9rifiables : quels sont les jours travaill\u00e9s ? Combien de semaines \u00e0 l\u2019avance le planning est-il communiqu\u00e9 ? Les r\u00e9unions d\u2019\u00e9quipe sont-elles programm\u00e9es sur les heures contractuelles ? Quelles t\u00e2ches n\u00e9cessitent une pr\u00e9sence sur site ? Ces questions transforment une notion abstraite en \u00e9l\u00e9ments comparables.<\/p>\n\n<p class=\"wp-block-paragraph\">Julie, responsable administrative, reprend apr\u00e8s un cong\u00e9 parental avec un contrat de 28 heures. Son employeur accepte la dur\u00e9e, mais fixe syst\u00e9matiquement les r\u00e9unions strat\u00e9giques le vendredi apr\u00e8s-midi, son jour non travaill\u00e9. Apr\u00e8s trois mois, elle constate que ses dossiers sont \u00e9voqu\u00e9s sans elle et que les d\u00e9cisions lui arrivent d\u00e9j\u00e0 prises. Elle demande alors un point formalis\u00e9 avec son manager : une r\u00e9union sur deux est d\u00e9plac\u00e9e, et un compte rendu avec possibilit\u00e9 de contribution est instaur\u00e9. Le changement ne vient pas d\u2019une demande de \u00ab faveur \u00bb, mais d\u2019un probl\u00e8me professionnel pr\u00e9cis\u00e9ment identifi\u00e9.<\/p>\n\n<h3 class=\"wp-block-heading\">Les scripts qui \u00e9vitent les discussions floues<\/h3>\n\n<p class=\"wp-block-paragraph\">Pour demander une r\u00e9partition stable : \u00ab Afin d\u2019assurer mes missions dans de bonnes conditions, je souhaite que la r\u00e9partition des 24 heures soit indiqu\u00e9e pr\u00e9cis\u00e9ment au contrat, avec les modalit\u00e9s de modification pr\u00e9vues. \u00bb Pour \u00e9voquer une \u00e9volution : \u00ab Je souhaite conna\u00eetre les postes ou formations accessibles depuis cette fonction \u00e0 temps partiel et les crit\u00e8res appliqu\u00e9s aux candidatures internes. \u00bb Ces formulations restent factuelles, sans avoir \u00e0 exposer des d\u00e9tails personnels.<\/p>\n\n<p class=\"wp-block-paragraph\">Lorsqu\u2019un passage \u00e0 temps partiel est demand\u00e9 apr\u00e8s une naissance ou pour accompagner un enfant, les dispositifs possibles d\u00e9pendent de la situation et de l\u2019anciennet\u00e9. Le cong\u00e9 parental d\u2019\u00e9ducation et le temps partiel qui peut l\u2019accompagner ob\u00e9issent \u00e0 des r\u00e8gles distinctes du simple avenant n\u00e9goci\u00e9. Les informations \u00e0 v\u00e9rifier figurent dans ce dossier sur les <a href=\"https:\/\/allezlesfilles.fr\/blog\/carriere\/conge-maternite-parental-droits\/\">droits li\u00e9s au cong\u00e9 maternit\u00e9 et parental<\/a>. Pour un cas individuel, notamment en cas de refus ou de conflit, l\u2019avis d\u2019un avocat ou d\u2019un conseiller comp\u00e9tent reste n\u00e9cessaire.<\/p>\n\n<p class=\"wp-block-paragraph\">Un bilan trimestriel personnel peut \u00e9viter l\u2019installation d\u2019un d\u00e9s\u00e9quilibre. Il suffit de noter les heures r\u00e9ellement travaill\u00e9es, les heures compl\u00e9mentaires, les changements de planning, les formations re\u00e7ues, les missions nouvelles et les candidatures internes. Ce document n\u2019a rien de bureaucratique : il permet de voir si le poste conserve son int\u00e9r\u00eat ou si une ren\u00e9gociation devient n\u00e9cessaire.<\/p>\n\n<p class=\"wp-block-paragraph\">La question de la charge de travail m\u00e9rite la m\u00eame rigueur. R\u00e9duire le contrat sans red\u00e9finir les objectifs cr\u00e9e une impasse : 80 % du temps ne permet pas automatiquement de r\u00e9aliser 100 % des t\u00e2ches. Une discussion productive porte sur les priorit\u00e9s. \u00ab Parmi ces cinq missions, lesquelles doivent \u00eatre maintenues chaque semaine et lesquelles peuvent \u00eatre report\u00e9es ou redistribu\u00e9es ? \u00bb Voil\u00e0 une question de management, pas une demande de traitement particulier.<\/p>\n\n<p class=\"wp-block-paragraph\">La dur\u00e9e r\u00e9duite peut soutenir une carri\u00e8re, une formation ou une p\u00e9riode familiale exigeante. Elle devient fragile lorsqu\u2019elle s\u2019accompagne de disponibilit\u00e9 illimit\u00e9e, d\u2019objectifs inchang\u00e9s et d\u2019une progression mise entre parenth\u00e8ses. La ligne \u00e0 pr\u00e9server est simple : <strong>moins d\u2019heures ne doit pas signifier moins de droits, ni une charge invisible identique.<\/strong><\/p>\n\n\n<h3>Quelle est la dur\u00e9e minimale d\u2019un emploi \u00e0 temps partiel ?<\/h3>\n<p>Dans le secteur priv\u00e9, la dur\u00e9e minimale est en principe de 24 heures par semaine ou son \u00e9quivalent mensuel. Des d\u00e9rogations peuvent r\u00e9sulter d\u2019un accord collectif, d\u2019une demande \u00e9crite du salari\u00e9 ou de situations particuli\u00e8res, notamment pour certains \u00e9tudiants.<\/p>\n<h3>Un salari\u00e9 \u00e0 temps partiel a-t-il droit aux m\u00eames cong\u00e9s pay\u00e9s ?<\/h3>\n<p>Oui. Le droit aux cong\u00e9s pay\u00e9s est acquis selon les r\u00e8gles communes. Le montant de l\u2019indemnit\u00e9 d\u00e9pend ensuite de la r\u00e9mun\u00e9ration r\u00e9ellement per\u00e7ue.<\/p>\n<h3>L\u2019employeur peut-il imposer des heures compl\u00e9mentaires chaque semaine ?<\/h3>\n<p>Les heures compl\u00e9mentaires sont encadr\u00e9es par le contrat, le Code du travail et, le cas \u00e9ch\u00e9ant, la convention collective. Leur volume et leur d\u00e9lai de pr\u00e9venance ne peuvent pas \u00eatre ignor\u00e9s.<\/p>\n<h3>Comment trouver un CDI \u00e0 temps partiel avec des horaires stables ?<\/h3>\n<p>Utilisez des alertes avec une dur\u00e9e pr\u00e9cise, demandez la r\u00e9partition hebdomadaire d\u00e8s le premier \u00e9change et privil\u00e9giez les offres qui indiquent clairement le volume horaire, le contrat et les plages de travail.<\/p>\n\n","protected":false},"excerpt":{"rendered":"<p>En bref Peu de temps ? Voil\u00e0 ce qu&rsquo;il faut retenir : Ce que cela change concr\u00e8tement Le contrat doit \u00eatre \u00e9crit Il doit notamment indiquer la dur\u00e9e pr\u00e9vue et sa r\u00e9partition entre les jours ou les semaines. 24 heures est le seuil de principe Des d\u00e9rogations existent, notamment sur demande \u00e9crite du salari\u00e9 ou [&hellip;]<\/p>\n","protected":false},"author":1,"featured_media":376,"comment_status":"open","ping_status":"closed","sticky":false,"template":"","format":"standard","meta":{"footnotes":""},"categories":[1],"tags":[],"class_list":["post-375","post","type-post","status-publish","format-standard","has-post-thumbnail","hentry","category-carriere"],"_links":{"self":[{"href":"https:\/\/allezlesfilles.fr\/blog\/wp-json\/wp\/v2\/posts\/375","targetHints":{"allow":["GET"]}}],"collection":[{"href":"https:\/\/allezlesfilles.fr\/blog\/wp-json\/wp\/v2\/posts"}],"about":[{"href":"https:\/\/allezlesfilles.fr\/blog\/wp-json\/wp\/v2\/types\/post"}],"author":[{"embeddable":true,"href":"https:\/\/allezlesfilles.fr\/blog\/wp-json\/wp\/v2\/users\/1"}],"replies":[{"embeddable":true,"href":"https:\/\/allezlesfilles.fr\/blog\/wp-json\/wp\/v2\/comments?post=375"}],"version-history":[{"count":2,"href":"https:\/\/allezlesfilles.fr\/blog\/wp-json\/wp\/v2\/posts\/375\/revisions"}],"predecessor-version":[{"id":379,"href":"https:\/\/allezlesfilles.fr\/blog\/wp-json\/wp\/v2\/posts\/375\/revisions\/379"}],"wp:featuredmedia":[{"embeddable":true,"href":"https:\/\/allezlesfilles.fr\/blog\/wp-json\/wp\/v2\/media\/376"}],"wp:attachment":[{"href":"https:\/\/allezlesfilles.fr\/blog\/wp-json\/wp\/v2\/media?parent=375"}],"wp:term":[{"taxonomy":"category","embeddable":true,"href":"https:\/\/allezlesfilles.fr\/blog\/wp-json\/wp\/v2\/categories?post=375"},{"taxonomy":"post_tag","embeddable":true,"href":"https:\/\/allezlesfilles.fr\/blog\/wp-json\/wp\/v2\/tags?post=375"}],"curies":[{"name":"wp","href":"https:\/\/api.w.org\/{rel}","templated":true}]}}