{"id":340,"date":"2026-08-28T21:52:08","date_gmt":"2026-08-28T21:52:08","guid":{"rendered":"https:\/\/allezlesfilles.fr\/blog\/carriere\/l-acoustics-siege-carrieres\/"},"modified":"2026-08-28T21:52:08","modified_gmt":"2026-08-28T21:52:08","slug":"l-acoustics-siege-carrieres","status":"publish","type":"post","link":"https:\/\/allezlesfilles.fr\/blog\/carriere\/l-acoustics-siege-carrieres\/","title":{"rendered":"L-Acoustics : le si\u00e8ge fran\u00e7ais et les opportunit\u00e9s de carri\u00e8re"},"content":{"rendered":"<p class=\"wp-block-paragraph\"><strong>En bref<\/strong><\/p>\n\n<ul class=\"wp-block-list\"><li><strong>Le si\u00e8ge fran\u00e7ais de L-Acoustics est situ\u00e9 \u00e0 Marcoussis, dans l\u2019Essonne<\/strong>, au sein d\u2019un \u00e9cosyst\u00e8me qui r\u00e9unit notamment fonctions de direction, recherche, d\u00e9veloppement et activit\u00e9s industrielles.<\/li><li>Les <strong>opportunit\u00e9s de carri\u00e8re<\/strong> ne se limitent pas aux profils d\u2019ing\u00e9nierie : production, qualit\u00e9, informatique, achats, finance, ressources humaines et fonctions commerciales participent aussi \u00e0 la cha\u00eene de valeur.<\/li><li>Pour candidater utilement, le bon r\u00e9flexe consiste \u00e0 partir des offres publi\u00e9es sur le <a href=\"https:\/\/careers.l-acoustics.com\/\" target=\"_blank\" rel=\"noopener\">site carri\u00e8res de L-Acoustics<\/a>, puis \u00e0 adapter son dossier aux comp\u00e9tences pr\u00e9cises annonc\u00e9es.<\/li><li>Une candidature solide montre la compr\u00e9hension d\u2019un environnement o\u00f9 <strong>innovation, exigence industrielle et coop\u00e9ration internationale<\/strong> se rencontrent.<\/li><\/ul>\n\n<p class=\"wp-block-paragraph\"><strong>Peu de temps ? Voil\u00e0 ce qu\u2019il faut retenir :<\/strong><\/p>\n\n<figure class=\"wp-block-table\"><table>\n<thead>\n<tr>\n<th>Point cl\u00e9<\/th>\n<th>Ce que cela change dans une recherche d\u2019emploi<\/th>\n<\/tr>\n<\/thead>\n<tbody>\n<tr>\n<td><strong>Marcoussis est un site strat\u00e9gique<\/strong><\/td>\n<td>Le si\u00e8ge fran\u00e7ais concentre des fonctions support, techniques et de pilotage : il ne faut pas chercher uniquement des postes de terrain.<\/td>\n<\/tr>\n<tr>\n<td><strong>L\u2019industrie audio recrute des expertises vari\u00e9es<\/strong><\/td>\n<td>Les candidatures peuvent viser l\u2019ing\u00e9nierie acoustique, mais aussi la supply chain, le digital, la qualit\u00e9 ou l\u2019administration.<\/td>\n<\/tr>\n<tr>\n<td><strong>Les offres \u00e9voluent rapidement<\/strong><\/td>\n<td>Consulter directement la page officielle de recrutement \u00e9vite de postuler \u00e0 une annonce d\u00e9j\u00e0 close ou incompl\u00e8te.<\/td>\n<\/tr>\n<tr>\n<td><strong>Le dossier doit \u00eatre cibl\u00e9<\/strong><\/td>\n<td>Un CV g\u00e9n\u00e9rique est moins utile qu\u2019une candidature reli\u00e9e \u00e0 un projet, une comp\u00e9tence technique ou un r\u00e9sultat mesurable.<\/td>\n<\/tr>\n<\/tbody>\n<\/table><\/figure>\n\n<div id=\"ez-toc-container\" class=\"ez-toc-v2_0_87 counter-hierarchy ez-toc-counter ez-toc-grey ez-toc-container-direction\">\n<div class=\"ez-toc-title-container\">\n<p class=\"ez-toc-title\" style=\"cursor:inherit\">Sommaire<\/p>\n<span class=\"ez-toc-title-toggle\"><a href=\"#\" class=\"ez-toc-pull-right ez-toc-btn ez-toc-btn-xs ez-toc-btn-default ez-toc-toggle\" aria-label=\"Toggle Table of Content\"><span class=\"ez-toc-js-icon-con\"><span class=\"\"><span class=\"eztoc-hide\" style=\"display:none;\">Toggle<\/span><span class=\"ez-toc-icon-toggle-span\"><svg style=\"fill: #999;color:#999\" xmlns=\"http:\/\/www.w3.org\/2000\/svg\" class=\"list-377408\" width=\"20px\" height=\"20px\" viewBox=\"0 0 24 24\" fill=\"none\"><path d=\"M6 6H4v2h2V6zm14 0H8v2h12V6zM4 11h2v2H4v-2zm16 0H8v2h12v-2zM4 16h2v2H4v-2zm16 0H8v2h12v-2z\" fill=\"currentColor\"><\/path><\/svg><svg style=\"fill: #999;color:#999\" class=\"arrow-unsorted-368013\" xmlns=\"http:\/\/www.w3.org\/2000\/svg\" width=\"10px\" height=\"10px\" viewBox=\"0 0 24 24\" version=\"1.2\" baseProfile=\"tiny\"><path d=\"M18.2 9.3l-6.2-6.3-6.2 6.3c-.2.2-.3.4-.3.7s.1.5.3.7c.2.2.4.3.7.3h11c.3 0 .5-.1.7-.3.2-.2.3-.5.3-.7s-.1-.5-.3-.7zM5.8 14.7l6.2 6.3 6.2-6.3c.2-.2.3-.5.3-.7s-.1-.5-.3-.7c-.2-.2-.4-.3-.7-.3h-11c-.3 0-.5.1-.7.3-.2.2-.3.5-.3.7s.1.5.3.7z\"\/><\/svg><\/span><\/span><\/span><\/a><\/span><\/div>\n<nav><ul class='ez-toc-list ez-toc-list-level-1 eztoc-toggle-hide-by-default' ><li class='ez-toc-page-1 ez-toc-heading-level-2'><a class=\"ez-toc-link ez-toc-heading-1\" href=\"https:\/\/allezlesfilles.fr\/blog\/carriere\/l-acoustics-siege-carrieres\/#L-Acoustics_a_Marcoussis_comprendre_le_role_du_siege_francais_avant_de_postuler\" >L-Acoustics \u00e0 Marcoussis : comprendre le r\u00f4le du si\u00e8ge fran\u00e7ais avant de postuler<\/a><\/li><li class='ez-toc-page-1 ez-toc-heading-level-2'><a class=\"ez-toc-link ez-toc-heading-2\" href=\"https:\/\/allezlesfilles.fr\/blog\/carriere\/l-acoustics-siege-carrieres\/#Opportunites_de_carriere_chez_L-Acoustics_quels_metiers_rechercher_dans_lindustrie_audio\" >Opportunit\u00e9s de carri\u00e8re chez L-Acoustics : quels m\u00e9tiers rechercher dans l\u2019industrie audio ?<\/a><\/li><li class='ez-toc-page-1 ez-toc-heading-level-2'><a class=\"ez-toc-link ez-toc-heading-3\" href=\"https:\/\/allezlesfilles.fr\/blog\/carriere\/l-acoustics-siege-carrieres\/#Recrutement_L-Acoustics_preparer_une_candidature_qui_demontre_une_competence_utile\" >Recrutement L-Acoustics : pr\u00e9parer une candidature qui d\u00e9montre une comp\u00e9tence utile<\/a><\/li><li class='ez-toc-page-1 ez-toc-heading-level-2'><a class=\"ez-toc-link ez-toc-heading-4\" href=\"https:\/\/allezlesfilles.fr\/blog\/carriere\/l-acoustics-siege-carrieres\/#Entretien_chez_L-Acoustics_questions_a_poser_sur_le_poste_lequipe_et_les_conditions_de_travail\" >Entretien chez L-Acoustics : questions \u00e0 poser sur le poste, l\u2019\u00e9quipe et les conditions de travail<\/a><\/li><li class='ez-toc-page-1 ez-toc-heading-level-2'><a class=\"ez-toc-link ez-toc-heading-5\" href=\"https:\/\/allezlesfilles.fr\/blog\/carriere\/l-acoustics-siege-carrieres\/#Faire_evoluer_sa_carriere_dans_lindustrie_audio_formation_mobilite_et_strategie_de_candidature\" >Faire \u00e9voluer sa carri\u00e8re dans l\u2019industrie audio : formation, mobilit\u00e9 et strat\u00e9gie de candidature<\/a><\/li><\/ul><\/nav><\/div>\n<h2 class=\"wp-block-heading\"><span class=\"ez-toc-section\" id=\"L-Acoustics_a_Marcoussis_comprendre_le_role_du_siege_francais_avant_de_postuler\"><\/span>L-Acoustics \u00e0 Marcoussis : comprendre le r\u00f4le du si\u00e8ge fran\u00e7ais avant de postuler<span class=\"ez-toc-section-end\"><\/span><\/h2>\n\n<p class=\"wp-block-paragraph\">Pour chercher un emploi chez <strong>L-Acoustics<\/strong>, commencer par localiser l\u2019entreprise permet d\u2019\u00e9viter une confusion fr\u00e9quente : un groupe international peut avoir des bureaux dans plusieurs pays, tandis que ses fonctions cl\u00e9s restent organis\u00e9es autour de sites fran\u00e7ais. Selon les informations l\u00e9gales disponibles sur le registre des entreprises, <strong>L-Acoustics Group est implant\u00e9 \u00e0 Marcoussis, dans l\u2019Essonne<\/strong>. Cette localisation, au sud de Paris, constitue un rep\u00e8re important pour les candidatures qui concernent les m\u00e9tiers de coordination, de d\u00e9veloppement et d\u2019organisation.<\/p>\n\n<p class=\"wp-block-paragraph\">Le si\u00e8ge fran\u00e7ais ne doit pas \u00eatre r\u00e9duit \u00e0 une adresse administrative. Dans une entreprise qui con\u00e7oit et fabrique des solutions de <strong>sonorisation professionnelle<\/strong>, un site central peut r\u00e9unir des \u00e9quipes dont les m\u00e9tiers se r\u00e9pondent : achats, finance, ressources humaines, produit, informatique, m\u00e9thodes, communication, recherche ou gestion de projet. Cette diversit\u00e9 compte pour les personnes qui ne viennent pas d\u2019une formation en acoustique mais souhaitent travailler dans une organisation industrielle innovante.<\/p>\n\n<h3 class=\"wp-block-heading\">Un environnement industriel o\u00f9 le produit et les fonctions support avancent ensemble<\/h3>\n\n<p class=\"wp-block-paragraph\">L-Acoustics se pr\u00e9sente comme un acteur des syst\u00e8mes audio professionnels et indique sur son site ma\u00eetriser une cha\u00eene de valeur allant de la conception au d\u00e9ploiement. Cela implique une organisation plus large que l\u2019image classique du m\u00e9tier d\u2019ing\u00e9nieur du son. Une solution technique passe par des \u00e9tapes de conception, de prototypage, d\u2019approvisionnement, d\u2019assemblage, de tests, de documentation, de commercialisation et de suivi client. Chacune appelle des comp\u00e9tences diff\u00e9rentes.<\/p>\n\n<p class=\"wp-block-paragraph\">Le si\u00e8ge fran\u00e7ais peut ainsi int\u00e9resser une cheffe de projet industrielle, une sp\u00e9cialiste de la paie, une ing\u00e9nieure logiciel, une technicienne qualit\u00e9 ou une acheteuse. La question pertinente n\u2019est pas seulement : \u00ab Ai-je d\u00e9j\u00e0 travaill\u00e9 dans l\u2019audio ? \u00bb Elle devient : \u00ab Quelle partie de mon exp\u00e9rience peut r\u00e9soudre un besoin concret dans une entreprise technologique ? \u00bb Cette formulation est plus efficace pour lire les annonces et pr\u00e9parer un entretien.<\/p>\n\n<p class=\"wp-block-paragraph\">Exemple concret : Nora, responsable approvisionnement dans une PME de mat\u00e9riel m\u00e9dical, souhaite changer de secteur sans repartir de z\u00e9ro. Son exp\u00e9rience de gestion des d\u00e9lais fournisseurs, de suivi des stocks et de traitement des non-conformit\u00e9s reste directement lisible dans une industrie qui d\u00e9pend de composants techniques et d\u2019une production exigeante. Elle ne pr\u00e9tend pas conna\u00eetre tous les produits ; elle d\u00e9montre qu\u2019elle sait s\u00e9curiser un flux d\u2019approvisionnement. La diff\u00e9rence est d\u00e9cisive.<\/p>\n\n<p class=\"wp-block-paragraph\">Les informations institutionnelles permettent \u00e9galement de distinguer les soci\u00e9t\u00e9s et \u00e9tablissements d\u2019un m\u00eame groupe. Avant d\u2019envoyer un dossier, v\u00e9rifier l\u2019intitul\u00e9 exact de l\u2019entit\u00e9 qui recrute, l\u2019adresse du poste et le contrat propos\u00e9 est une \u00e9tape simple. Le site <a href=\"https:\/\/annuaire-entreprises.data.gouv.fr\/\" target=\"_blank\" rel=\"noopener\">Annuaire des entreprises<\/a>, aliment\u00e9 par des donn\u00e9es publiques, permet notamment de recouper l\u2019identit\u00e9 juridique d\u2019une structure. Cette v\u00e9rification \u00e9vite de baser une candidature sur une information ancienne reprise par un agr\u00e9gateur.<\/p>\n\n<h3 class=\"wp-block-heading\">Ce que la localisation \u00e0 Marcoussis implique au quotidien<\/h3>\n\n<p class=\"wp-block-paragraph\">Un poste rattach\u00e9 au si\u00e8ge fran\u00e7ais peut pr\u00e9voir une pr\u00e9sence r\u00e9guli\u00e8re sur site, des \u00e9changes avec d\u2019autres \u00e9quipes du groupe ou des d\u00e9placements ponctuels selon la fonction. La localisation doit donc \u00eatre abord\u00e9e dans une candidature de mani\u00e8re factuelle. Une personne qui vit \u00e0 Lyon, Lille ou Nantes n\u2019a pas besoin de surjouer sa disponibilit\u00e9 : elle peut pr\u00e9ciser clairement sa mobilit\u00e9, son rythme de d\u00e9placement envisageable ou son calendrier de d\u00e9m\u00e9nagement.<\/p>\n\n<p class=\"wp-block-paragraph\">Un script simple peut suffire : <strong>\u00ab Bas\u00e9e actuellement \u00e0 Lyon, je peux organiser des d\u00e9placements r\u00e9guliers \u00e0 Marcoussis et j\u2019envisage une installation en r\u00e9gion parisienne \u00e0 partir de septembre, selon les modalit\u00e9s du poste. \u00bb<\/strong> Cette phrase est plus utile qu\u2019une formule vague sur la \u00ab grande mobilit\u00e9 \u00bb. Elle donne au recruteur une information exploitable sans raconter sa vie priv\u00e9e.<\/p>\n\n<p class=\"wp-block-paragraph\">Les candidates en recherche de stabilit\u00e9 ont aussi int\u00e9r\u00eat \u00e0 demander, au bon moment, la r\u00e9partition entre pr\u00e9sence sur site, t\u00e9l\u00e9travail et d\u00e9placements. Cette donn\u00e9e ne se d\u00e9duit ni du nom de l\u2019entreprise ni du titre du poste. Elle d\u00e9pend de l\u2019\u00e9quipe, des contraintes li\u00e9es \u00e0 la production et de la politique interne. Lors d\u2019un premier \u00e9change, une question sobre peut \u00eatre pos\u00e9e : <strong>\u00ab Quel est le rythme habituel de pr\u00e9sence de l\u2019\u00e9quipe et quels d\u00e9placements sont associ\u00e9s \u00e0 cette fonction ? \u00bb<\/strong><\/p>\n\n<p class=\"wp-block-paragraph\">Comprendre le si\u00e8ge fran\u00e7ais de L-Acoustics, c\u2019est donc identifier un lieu de travail possible, mais surtout une organisation o\u00f9 les comp\u00e9tences techniques, administratives et op\u00e9rationnelles s\u2019articulent autour d\u2019un m\u00eame produit.<\/p>\n\n<h2 class=\"wp-block-heading\"><span class=\"ez-toc-section\" id=\"Opportunites_de_carriere_chez_L-Acoustics_quels_metiers_rechercher_dans_lindustrie_audio\"><\/span>Opportunit\u00e9s de carri\u00e8re chez L-Acoustics : quels m\u00e9tiers rechercher dans l\u2019industrie audio ?<span class=\"ez-toc-section-end\"><\/span><\/h2>\n\n<p class=\"wp-block-paragraph\">Les <strong>opportunit\u00e9s de carri\u00e8re<\/strong> chez L-Acoustics peuvent concerner des profils tr\u00e8s diff\u00e9rents. Le premier pi\u00e8ge consiste \u00e0 associer l\u2019industrie audio \u00e0 un seul m\u00e9tier. Or une entreprise de technologie sonore a besoin de sp\u00e9cialistes capables de transformer une id\u00e9e technique en produit fiable, de produire \u00e0 qualit\u00e9 constante, d\u2019accompagner les clients, de piloter des donn\u00e9es, de prot\u00e9ger les syst\u00e8mes informatiques et de structurer la croissance.<\/p>\n\n<p class=\"wp-block-paragraph\">Le meilleur point d\u2019entr\u00e9e reste la page officielle <a href=\"https:\/\/careers.l-acoustics.com\/\" target=\"_blank\" rel=\"noopener\">L-Acoustics Careers<\/a>. Elle permet de filtrer les offres par localisation et domaine, ainsi que de rep\u00e9rer les intitul\u00e9s r\u00e9ellement utilis\u00e9s par l\u2019entreprise. Les plateformes d\u2019emploi peuvent compl\u00e9ter la veille, mais l\u2019annonce publi\u00e9e par l\u2019employeur demeure la r\u00e9f\u00e9rence pour les missions, les pr\u00e9requis et le processus de candidature.<\/p>\n\n<h3 class=\"wp-block-heading\">Les familles de postes \u00e0 surveiller<\/h3>\n\n<p class=\"wp-block-paragraph\">Dans une entreprise li\u00e9e \u00e0 la <strong>technologie sonore<\/strong>, les m\u00e9tiers techniques sont naturellement visibles. Ils peuvent porter sur l\u2019\u00e9lectronique, le logiciel, le traitement du signal, la m\u00e9canique, les essais, l\u2019industrialisation ou l\u2019ing\u00e9nierie acoustique. Ces postes exigent souvent des comp\u00e9tences pr\u00e9cises, mais les annonces indiquent g\u00e9n\u00e9ralement le niveau de dipl\u00f4me, les outils ma\u00eetris\u00e9s et l\u2019exp\u00e9rience attendue. Il est pr\u00e9f\u00e9rable de se fier \u00e0 ces crit\u00e8res qu\u2019\u00e0 une interpr\u00e9tation trop large du titre.<\/p>\n\n<p class=\"wp-block-paragraph\">D\u2019autres fonctions sont moins mises en avant alors qu\u2019elles sont essentielles au fonctionnement de l\u2019entreprise :<\/p>\n\n<ul class=\"wp-block-list\"><li><strong>Production et industrialisation<\/strong> : assemblage, m\u00e9thodes, maintenance, am\u00e9lioration continue, planification et suivi des op\u00e9rations.<\/li><li><strong>Qualit\u00e9<\/strong> : contr\u00f4le, gestion des \u00e9carts, documentation, audits internes et am\u00e9lioration des processus.<\/li><li><strong>Supply chain et achats<\/strong> : relation fournisseurs, pr\u00e9visions, logistique, disponibilit\u00e9 des composants et ma\u00eetrise des d\u00e9lais.<\/li><li><strong>Num\u00e9rique<\/strong> : d\u00e9veloppement logiciel, infrastructure, cybers\u00e9curit\u00e9, data, outils collaboratifs et syst\u00e8mes d\u2019information.<\/li><li><strong>Fonctions support<\/strong> : recrutement, formation, contr\u00f4le de gestion, comptabilit\u00e9, communication, juridique et administration.<\/li><li><strong>Relation clients<\/strong> : vente, formation technique, support, marketing produit et coordination de projets internationaux.<\/li><\/ul>\n\n<p class=\"wp-block-paragraph\">Cette liste ne remplace pas les annonces en ligne, mais elle aide \u00e0 ouvrir la recherche. Une candidate issue des ressources humaines peut surveiller \u00e0 la fois les offres RH directes et les missions li\u00e9es \u00e0 la formation, au d\u00e9veloppement des comp\u00e9tences ou \u00e0 l\u2019administration du personnel. Une professionnelle de la qualit\u00e9 peut \u00e9largir sa veille aux postes de m\u00e9thodes, conformit\u00e9, am\u00e9lioration continue ou gestion documentaire.<\/p>\n\n<p class=\"wp-block-paragraph\">Un changement de secteur est possible lorsque le socle professionnel est transf\u00e9rable. Prenons Le\u00efla, ing\u00e9nieure tests dans le ferroviaire. Son CV met d\u2019abord en avant les produits sur lesquels elle a travaill\u00e9 ; elle re\u00e7oit peu de r\u00e9ponses. Elle le r\u00e9organise ensuite autour de ses m\u00e9thodes : protocoles d\u2019essai, analyse des anomalies, tra\u00e7abilit\u00e9, r\u00e9daction de rapports, coordination avec les \u00e9quipes conception. Sa candidature devient plus facilement lisible par une entreprise d\u2019\u00e9lectronique ou d\u2019\u00e9quipement professionnel.<\/p>\n\n<h3 class=\"wp-block-heading\">Lire une annonce sans s\u2019auto-\u00e9liminer trop vite<\/h3>\n\n<p class=\"wp-block-paragraph\">Beaucoup de candidates renoncent lorsqu\u2019elles ne cochent pas toutes les lignes d\u2019une offre. C\u2019est un mauvais outil de tri. Il est plus pertinent de classer les crit\u00e8res en trois cat\u00e9gories : les indispensables explicites, les comp\u00e9tences apprenables et les \u00e9l\u00e9ments simplement souhait\u00e9s. Un dipl\u00f4me ou une certification requis ne se contourne pas. En revanche, un logiciel que l\u2019on n\u2019a pas utilis\u00e9 mais qui ressemble \u00e0 un outil d\u00e9j\u00e0 ma\u00eetris\u00e9 peut \u00eatre pr\u00e9sent\u00e9 avec honn\u00eatet\u00e9 comme une comp\u00e9tence d\u2019adaptation.<\/p>\n\n<p class=\"wp-block-paragraph\">Une annonce demandant une exp\u00e9rience internationale m\u00e9rite aussi une lecture pr\u00e9cise. Cela peut d\u00e9signer des r\u00e9unions en anglais, des \u00e9changes \u00e9crits avec des filiales ou une responsabilit\u00e9 commerciale sur plusieurs pays. Ces r\u00e9alit\u00e9s ne demandent pas le m\u00eame niveau de pratique. En entretien, demander <strong>\u00ab Dans quelles situations l\u2019anglais est-il employ\u00e9 dans ce poste ? \u00bb<\/strong> donne une r\u00e9ponse concr\u00e8te et permet d\u2019\u00e9valuer son propre niveau sans se d\u00e9valoriser.<\/p>\n\n<p class=\"wp-block-paragraph\">Le march\u00e9 de l\u2019emploi \u00e9volue et les volumes d\u2019offres changent. Aucun nombre d\u2019annonces n\u2019est donc durablement garanti. La m\u00e9thode la plus solide consiste \u00e0 cr\u00e9er une alerte sur le site carri\u00e8res, \u00e0 enregistrer les postes proches de son profil et \u00e0 relire chaque semaine les nouvelles publications. Dans l\u2019industrie audio, le bon poste n\u2019est pas toujours intitul\u00e9 \u00ab acoustique \u00bb : il peut se trouver derri\u00e8re les mots production, logiciel, qualit\u00e9 ou coordination.<\/p>\n\n<figure class=\"is-provider-youtube is-type-video wp-block-embed wp-block-embed-youtube wp-embed-aspect-16-9 wp-has-aspect-ratio\"><div class=\"wp-block-embed__wrapper\">\n<iframe loading=\"lazy\" title=\"How the Miami HEAT Rebuilt the Sound at Kaseya Center\" width=\"500\" height=\"281\" src=\"https:\/\/www.youtube.com\/embed\/RfDYWBHAo00?feature=oembed\" frameborder=\"0\" allow=\"accelerometer; autoplay; clipboard-write; encrypted-media; gyroscope; picture-in-picture; web-share\" referrerpolicy=\"strict-origin-when-cross-origin\" allowfullscreen><\/iframe>\n<\/div><\/figure>\n\n<h2 class=\"wp-block-heading\"><span class=\"ez-toc-section\" id=\"Recrutement_L-Acoustics_preparer_une_candidature_qui_demontre_une_competence_utile\"><\/span>Recrutement L-Acoustics : pr\u00e9parer une candidature qui d\u00e9montre une comp\u00e9tence utile<span class=\"ez-toc-section-end\"><\/span><\/h2>\n\n<p class=\"wp-block-paragraph\">Le <strong>recrutement<\/strong> dans une entreprise technologique ne se joue pas uniquement sur le dipl\u00f4me ou le nom d\u2019un ancien employeur. Un dossier efficace aide une personne qui ne conna\u00eet pas encore le parcours de la candidate \u00e0 r\u00e9pondre rapidement \u00e0 trois questions : quel probl\u00e8me sait-elle traiter, dans quel contexte l\u2019a-t-elle d\u00e9j\u00e0 fait, et quel r\u00e9sultat peut-elle prouver ? Cette logique est particuli\u00e8rement utile lorsqu\u2019un parcours comporte une reconversion, une p\u00e9riode de cong\u00e9 parental ou plusieurs secteurs d\u2019activit\u00e9.<\/p>\n\n<p class=\"wp-block-paragraph\">Le CV gagne \u00e0 \u00eatre construit comme un document de preuve plut\u00f4t que comme une chronologie exhaustive. Dans la rubrique exp\u00e9rience, un intitul\u00e9 de poste seul informe peu. Une phrase de contexte et deux r\u00e9alisations mesurables rendent l\u2019exp\u00e9rience plus cr\u00e9dible. \u00ab Coordinatrice qualit\u00e9 \u00bb peut devenir : <strong>\u00ab Coordination des contr\u00f4les fournisseurs sur une gamme de composants techniques ; r\u00e9duction du d\u00e9lai de traitement des non-conformit\u00e9s gr\u00e2ce \u00e0 une proc\u00e9dure de suivi partag\u00e9e. \u00bb<\/strong><\/p>\n\n<h3 class=\"wp-block-heading\">Relier son exp\u00e9rience aux besoins d\u2019une entreprise d\u2019innovation<\/h3>\n\n<p class=\"wp-block-paragraph\">L\u2019innovation n\u2019est pas seulement une id\u00e9e nouvelle. Dans une entreprise industrielle, elle suppose des exigences tr\u00e8s pratiques : documents fiables, essais reproductibles, d\u00e9lais ma\u00eetris\u00e9s, \u00e9changes fluides entre m\u00e9tiers, protection des donn\u00e9es et capacit\u00e9 \u00e0 corriger rapidement un probl\u00e8me. Une candidature peut mettre en \u00e9vidence cette r\u00e9alit\u00e9, m\u00eame sans exp\u00e9rience dans la sonorisation professionnelle.<\/p>\n\n<p class=\"wp-block-paragraph\">Pour une ing\u00e9nieure, le portfolio peut contenir un projet de fin d\u2019\u00e9tudes, une note technique anonymis\u00e9e, un sch\u00e9ma de m\u00e9thode ou un lien vers un d\u00e9p\u00f4t de code lorsque cela est pertinent et autoris\u00e9. Pour une candidate en gestion de projet, il peut s\u2019agir d\u2019un exemple de planification, d\u2019un tableau de suivi ou d\u2019un cas de coordination d\u2019\u00e9quipes. Pour les fonctions support, une r\u00e9alisation peut \u00eatre la mise en place d\u2019un processus d\u2019onboarding, d\u2019un tableau de bord ou d\u2019une proc\u00e9dure de paie plus s\u00e9curis\u00e9e.<\/p>\n\n<p class=\"wp-block-paragraph\">Le point de vigilance est la confidentialit\u00e9. Il n\u2019est jamais n\u00e9cessaire de joindre des donn\u00e9es prot\u00e9g\u00e9es, des fichiers clients, des prix, des plans de produits ou des informations extraites d\u2019un ancien employeur. Un exemple anonymis\u00e9, centr\u00e9 sur la m\u00e9thode et le r\u00e9sultat, suffit largement. Une recruteuse sera plus rassur\u00e9e par une candidate qui respecte ses obligations que par un dossier trop bavard.<\/p>\n\n<h3 class=\"wp-block-heading\">Un message de candidature court et sp\u00e9cifique<\/h3>\n\n<p class=\"wp-block-paragraph\">Une lettre longue ne compense pas un CV impr\u00e9cis. Un message de huit \u00e0 dix lignes peut \u00eatre plus convaincant s\u2019il relie directement le poste, l\u2019exp\u00e9rience et la motivation professionnelle. Le mod\u00e8le ci-dessous peut \u00eatre adapt\u00e9 :<\/p>\n\n<p class=\"wp-block-paragraph\"><strong>\u00ab Votre offre de [intitul\u00e9] retient mon attention car elle associe [mission pr\u00e9cise] et [enjeu technique ou organisationnel]. Dans mon poste actuel de [fonction], j\u2019ai notamment [r\u00e9alisation v\u00e9rifiable]. Cette exp\u00e9rience m\u2019a appris \u00e0 [comp\u00e9tence transf\u00e9rable]. Je souhaite aujourd\u2019hui l\u2019appliquer dans un environnement o\u00f9 la conception, la qualit\u00e9 et la production sont \u00e9troitement li\u00e9es. Je serais heureuse d\u2019\u00e9changer sur les priorit\u00e9s de l\u2019\u00e9quipe et sur ma contribution possible. \u00bb<\/strong><\/p>\n\n<p class=\"wp-block-paragraph\">Ce script \u00e9vite deux \u00e9cueils : reprendre mot \u00e0 mot la pr\u00e9sentation de l\u2019entreprise et raconter une trajectoire personnelle sans lien avec le besoin exprim\u00e9. La motivation peut \u00eatre mentionn\u00e9e, mais elle doit \u00eatre soutenue par des \u00e9l\u00e9ments concrets. Dire que l\u2019on appr\u00e9cie la technologie sonore a du sens si l\u2019on explique ensuite pourquoi son expertise en logiciel embarqu\u00e9, en achats techniques ou en gestion de projet est utile \u00e0 cette activit\u00e9.<\/p>\n\n<p class=\"wp-block-paragraph\">Avant l\u2019envoi, une relecture en trois minutes peut faire la diff\u00e9rence :<\/p>\n\n<ol class=\"wp-block-list\"><li>V\u00e9rifier que l\u2019intitul\u00e9 exact de l\u2019offre appara\u00eet dans l\u2019objet ou le premier paragraphe.<\/li><li>Identifier une r\u00e9alisation avec un r\u00e9sultat observable : d\u00e9lai, qualit\u00e9, volume, budget, satisfaction interne ou fiabilit\u00e9.<\/li><li>Retirer les adjectifs non d\u00e9montr\u00e9s, comme \u00ab dynamique \u00bb, \u00ab passionn\u00e9e \u00bb ou \u00ab polyvalente \u00bb, lorsqu\u2019aucun exemple ne les \u00e9taye.<\/li><li>Nommer clairement sa disponibilit\u00e9 et sa mobilit\u00e9 si le poste est rattach\u00e9 au si\u00e8ge fran\u00e7ais.<\/li><li>Relire les liens, pi\u00e8ces jointes et coordonn\u00e9es sur la plateforme de candidature.<\/li><\/ol>\n\n<p class=\"wp-block-paragraph\">Une candidature bien pr\u00e9par\u00e9e ne pr\u00e9tend pas tout savoir de L-Acoustics : elle prouve qu\u2019une comp\u00e9tence d\u00e9j\u00e0 exerc\u00e9e peut r\u00e9pondre \u00e0 un besoin r\u00e9el de l\u2019entreprise.<\/p>\n\n<figure class=\"is-provider-youtube is-type-video wp-block-embed wp-block-embed-youtube wp-embed-aspect-16-9 wp-has-aspect-ratio\"><div class=\"wp-block-embed__wrapper\">\n<iframe loading=\"lazy\" title=\"L-Acoustics fait rayonner l\u2019Essonne dans les concerts du monde entier #innovantpourlongtemps\" width=\"500\" height=\"281\" src=\"https:\/\/www.youtube.com\/embed\/ynhN2IxQIfg?feature=oembed\" frameborder=\"0\" allow=\"accelerometer; autoplay; clipboard-write; encrypted-media; gyroscope; picture-in-picture; web-share\" referrerpolicy=\"strict-origin-when-cross-origin\" allowfullscreen><\/iframe>\n<\/div><\/figure>\n\n<h2 class=\"wp-block-heading\"><span class=\"ez-toc-section\" id=\"Entretien_chez_L-Acoustics_questions_a_poser_sur_le_poste_lequipe_et_les_conditions_de_travail\"><\/span>Entretien chez L-Acoustics : questions \u00e0 poser sur le poste, l\u2019\u00e9quipe et les conditions de travail<span class=\"ez-toc-section-end\"><\/span><\/h2>\n\n<p class=\"wp-block-paragraph\">Un entretien de recrutement sert autant \u00e0 \u00e9valuer la candidature qu\u2019\u00e0 v\u00e9rifier les conditions dans lesquelles le travail sera r\u00e9ellement exerc\u00e9. C\u2019est particuli\u00e8rement important pour un poste au si\u00e8ge fran\u00e7ais ou dans un site industriel : le titre peut sembler attractif, mais le p\u00e9rim\u00e8tre, les outils, le rythme de d\u00e9placements et la composition de l\u2019\u00e9quipe d\u00e9terminent ensuite la qualit\u00e9 du quotidien.<\/p>\n\n<p class=\"wp-block-paragraph\">Pr\u00e9parer ses questions \u00e9vite de les improviser sous stress. Il ne s\u2019agit pas de jouer un r\u00f4le ou d\u2019impressionner la personne en face. L\u2019objectif est d\u2019obtenir des informations utiles pour d\u00e9cider, comparer une offre et n\u00e9gocier ensuite avec des bases solides. La candidate qui pose une question pr\u00e9cise sur les priorit\u00e9s du poste montre d\u2019ailleurs qu\u2019elle se projette dans le travail r\u00e9el, pas seulement dans le nom de l\u2019employeur.<\/p>\n\n<h3 class=\"wp-block-heading\">Les questions qui r\u00e9v\u00e8lent le contenu r\u00e9el de l\u2019emploi<\/h3>\n\n<p class=\"wp-block-paragraph\">Les premi\u00e8res questions peuvent porter sur les six \u00e0 douze mois \u00e0 venir : <strong>\u00ab Quels r\u00e9sultats attendez-vous de la personne recrut\u00e9e \u00e0 la fin de sa p\u00e9riode d\u2019int\u00e9gration ? \u00bb<\/strong> ou <strong>\u00ab Quel est le sujet le plus urgent que cette fonction devra prendre en charge ? \u00bb<\/strong> Les r\u00e9ponses permettent de distinguer un poste cr\u00e9\u00e9 pour accompagner une croissance, un remplacement, une r\u00e9organisation ou une fonction dont les contours restent \u00e0 construire.<\/p>\n\n<p class=\"wp-block-paragraph\">Dans un univers d\u2019<strong>ing\u00e9nierie acoustique<\/strong> et d\u2019innovation industrielle, les interfaces comptent souvent autant que la technicit\u00e9. Une responsable qualit\u00e9 travaille avec la production et les fournisseurs ; une cheffe de projet num\u00e9rique \u00e9change avec les m\u00e9tiers et l\u2019informatique ; une personne en ressources humaines coordonne managers et services support. La question <strong>\u00ab Avec quelles \u00e9quipes cette fonction travaille-t-elle le plus souvent, et comment se prennent les d\u00e9cisions ? \u00bb<\/strong> aide \u00e0 mesurer l\u2019autonomie attendue et les \u00e9ventuels points de friction.<\/p>\n\n<p class=\"wp-block-paragraph\">Il est \u00e9galement raisonnable d\u2019aborder les ressources disponibles : outils, effectif, budget de formation, accompagnement \u00e0 la prise de poste. Pour une candidate qui change d\u2019industrie, demander comment se d\u00e9roule l\u2019int\u00e9gration est utile. Un bon processus d\u2019accueil ne garantit pas une exp\u00e9rience parfaite, mais il indique que l\u2019entreprise a r\u00e9fl\u00e9chi au transfert de connaissances, particuli\u00e8rement pr\u00e9cieux sur des produits techniques.<\/p>\n\n<h3 class=\"wp-block-heading\">R\u00e9mun\u00e9ration, t\u00e9l\u00e9travail et contraintes : demander sans se placer en difficult\u00e9<\/h3>\n\n<p class=\"wp-block-paragraph\">La r\u00e9mun\u00e9ration fait partie du poste. Attendre la toute derni\u00e8re \u00e9tape pour comprendre la fourchette peut faire perdre du temps aux deux parties. Lorsque le sujet n\u2019est pas abord\u00e9 par le recruteur, une formulation professionnelle est possible : <strong>\u00ab Afin de v\u00e9rifier que nous sommes align\u00e9s, quelle est la fourchette de r\u00e9mun\u00e9ration pr\u00e9vue pour cette fonction et quelle part correspond aux \u00e9l\u00e9ments variables \u00e9ventuels ? \u00bb<\/strong><\/p>\n\n<p class=\"wp-block-paragraph\">Le Code du travail fran\u00e7ais encadre plusieurs aspects de la relation salariale, mais les r\u00e8gles pr\u00e9cises de t\u00e9l\u00e9travail, d\u2019horaires ou de prise en charge des frais peuvent aussi \u00eatre pr\u00e9cis\u00e9es par accord collectif, charte ou contrat. Les informations g\u00e9n\u00e9rales sont disponibles sur <a href=\"https:\/\/www.service-public.fr\/particuliers\/vosdroits\/F13851\" target=\"_blank\" rel=\"noopener\">Service-Public.fr<\/a>. Pour une situation individuelle, notamment si une clause contractuelle pose question, cette lecture ne remplace pas l\u2019avis d\u2019un avocat, d\u2019un syndicat ou d\u2019un conseiller comp\u00e9tent.<\/p>\n\n<p class=\"wp-block-paragraph\">Une candidate peut aussi demander : <strong>\u00ab Le poste comporte-t-il des d\u00e9placements r\u00e9guliers, et sont-ils pr\u00e9visibles \u00e0 l\u2019avance ? \u00bb<\/strong> Cette pr\u00e9cision est importante pour organiser une vie familiale, une garde d\u2019enfants, une formation ou un autre engagement personnel. Il ne s\u2019agit pas de se justifier : c\u2019est une donn\u00e9e d\u2019organisation du travail.<\/p>\n\n<p class=\"wp-block-paragraph\">Dans le cas de Sarah, cheffe de projet qui \u00e9l\u00e8ve seule son enfant, le premier entretien se passe bien. Elle h\u00e9site \u00e0 mentionner la question des d\u00e9placements par peur d\u2019\u00eatre \u00e9cart\u00e9e. Elle choisit finalement une formulation neutre et obtient une information rassurante : les d\u00e9placements existent, mais ils sont planifi\u00e9s plusieurs semaines \u00e0 l\u2019avance et concentr\u00e9s sur quelques p\u00e9riodes. Cette r\u00e9ponse lui permet de poursuivre sereinement, sans d\u00e9voiler plus que n\u00e9cessaire.<\/p>\n\n<p class=\"wp-block-paragraph\">Un entretien utile laisse donc moins de place aux suppositions. Les r\u00e9ponses sur les priorit\u00e9s, l\u2019\u00e9quipe, le rythme et la r\u00e9mun\u00e9ration aident \u00e0 \u00e9valuer si l\u2019emploi propos\u00e9 correspond r\u00e9ellement \u00e0 ce que l\u2019on cherche.<\/p>\n\n<h2 class=\"wp-block-heading\"><span class=\"ez-toc-section\" id=\"Faire_evoluer_sa_carriere_dans_lindustrie_audio_formation_mobilite_et_strategie_de_candidature\"><\/span>Faire \u00e9voluer sa carri\u00e8re dans l\u2019industrie audio : formation, mobilit\u00e9 et strat\u00e9gie de candidature<span class=\"ez-toc-section-end\"><\/span><\/h2>\n\n<p class=\"wp-block-paragraph\">Travailler dans l\u2019<strong>industrie audio<\/strong> ne suppose pas toujours un parcours lin\u00e9aire. Certaines personnes arrivent avec une formation en \u00e9lectronique, m\u00e9canique, informatique ou g\u00e9nie industriel. D\u2019autres viennent de secteurs o\u00f9 les contraintes sont comparables : a\u00e9ronautique, m\u00e9dical, automobile, t\u00e9l\u00e9communications, \u00e9nergie ou \u00e9quipement professionnel. La strat\u00e9gie la plus r\u00e9aliste consiste \u00e0 identifier les comp\u00e9tences d\u00e9j\u00e0 solides, puis les \u00e9carts concrets \u00e0 r\u00e9duire.<\/p>\n\n<p class=\"wp-block-paragraph\">Une reconversion utile ne repose pas sur une accumulation de formations choisies au hasard. Elle commence par la lecture de plusieurs annonces similaires. Si trois offres \u00e9voquent un logiciel, une norme, l\u2019anglais technique ou la gestion de projet, ce besoin m\u00e9rite d\u2019\u00eatre explor\u00e9. Si un seul poste r\u00e9clame une comp\u00e9tence tr\u00e8s sp\u00e9cifique, celle-ci peut \u00eatre li\u00e9e \u00e0 une \u00e9quipe particuli\u00e8re. Cette distinction \u00e9vite de financer une formation qui n\u2019am\u00e9liore pas r\u00e9ellement l\u2019employabilit\u00e9.<\/p>\n\n<h3 class=\"wp-block-heading\">Construire un plan de progression mesurable<\/h3>\n\n<p class=\"wp-block-paragraph\">Un plan d\u2019action sur trois mois peut \u00eatre suffisant pour rendre une candidature plus solide. La premi\u00e8re \u00e9tape consiste \u00e0 s\u00e9lectionner cinq offres de L-Acoustics ou d\u2019entreprises comparables. La deuxi\u00e8me est de cr\u00e9er un tableau avec quatre colonnes : comp\u00e9tences demand\u00e9es, exp\u00e9rience d\u00e9j\u00e0 d\u00e9tenue, preuve disponible, action \u00e0 mener. Ce travail transforme une impression floue de d\u00e9calage en besoins pr\u00e9cis.<\/p>\n\n<p class=\"wp-block-paragraph\">Par exemple, une technicienne \u00e9lectronique peut constater qu\u2019elle ma\u00eetrise le diagnostic, les tests et la documentation, mais qu\u2019elle manque de pratique sur un environnement logiciel cit\u00e9 dans les annonces. Elle peut suivre une formation cibl\u00e9e, r\u00e9aliser un exercice document\u00e9 et l\u2019indiquer honn\u00eatement dans son CV comme comp\u00e9tence en cours d\u2019acquisition. Cette d\u00e9marche est plus cr\u00e9dible qu\u2019un intitul\u00e9 de formation g\u00e9n\u00e9raliste sans production concr\u00e8te.<\/p>\n\n<p class=\"wp-block-paragraph\">Les personnes salari\u00e9es peuvent se renseigner sur les dispositifs de formation aupr\u00e8s de leur employeur et sur leur compte personnel de formation. Les r\u00e8gles et l\u2019acc\u00e8s au dispositif sont d\u00e9taill\u00e9s sur <a href=\"https:\/\/www.moncompteformation.gouv.fr\/\" target=\"_blank\" rel=\"noopener\">Mon Compte Formation<\/a>. Le choix d\u2019une action financ\u00e9e doit rester coh\u00e9rent avec le projet professionnel ; il est prudent de v\u00e9rifier la qualit\u00e9 de l\u2019organisme, le contenu exact et les modalit\u00e9s d\u2019\u00e9valuation avant toute inscription.<\/p>\n\n<h3 class=\"wp-block-heading\">Rendre visible une candidature sans contourner le processus<\/h3>\n\n<p class=\"wp-block-paragraph\">Une pr\u00e9sence professionnelle en ligne peut renforcer un dossier si elle est ma\u00eetris\u00e9e. Mettre \u00e0 jour son profil LinkedIn avec un titre clair, d\u00e9crire ses missions en termes de r\u00e9sultats et activer une veille sur les offres constituent des actions simples. En revanche, contacter au hasard de nombreux salari\u00e9s avec un message identique produit rarement un \u00e9change utile.<\/p>\n\n<p class=\"wp-block-paragraph\">Une demande de contact pertinente peut s\u2019appuyer sur un point commun professionnel : <strong>\u00ab Bonjour, votre parcours en industrialisation m\u2019int\u00e9resse car je travaille actuellement sur des sujets de qualit\u00e9 fournisseurs. Je r\u00e9fl\u00e9chis \u00e0 une \u00e9volution vers l\u2019industrie technologique et serais preneuse de votre retour sur les comp\u00e9tences les plus utiles dans ce type d\u2019environnement. \u00bb<\/strong> Le message ne demande ni recommandation imm\u00e9diate ni information confidentielle. Il ouvre une conversation respectueuse.<\/p>\n\n<p class=\"wp-block-paragraph\">La mobilit\u00e9 interne constitue aussi une possibilit\u00e9 pour les personnes d\u00e9j\u00e0 pr\u00e9sentes dans une grande organisation ou un secteur connexe. Un entretien avec sa manager, un bilan de comp\u00e9tences ou une mission transversale peuvent aider \u00e0 constituer des preuves avant de changer de poste. Le site <a href=\"https:\/\/www.service-public.fr\/particuliers\/vosdroits\/F3087\" target=\"_blank\" rel=\"noopener\">Service-Public.fr<\/a> pr\u00e9sente notamment les principes g\u00e9n\u00e9raux du bilan de comp\u00e9tences. L\u00e0 encore, les conditions de prise en charge d\u00e9pendent de la situation individuelle et doivent \u00eatre v\u00e9rifi\u00e9es aupr\u00e8s des interlocuteurs comp\u00e9tents.<\/p>\n\n<p class=\"wp-block-paragraph\">Le fil conducteur reste simple : une carri\u00e8re chez L-Acoustics se pr\u00e9pare moins par une d\u00e9claration d\u2019int\u00e9r\u00eat pour l\u2019innovation que par des preuves de savoir-faire, une veille organis\u00e9e et des questions pr\u00e9cises sur le poste vis\u00e9.<\/p>\n\n<script type=\"application\/ld+json\">\n{\"@context\":\"https:\/\/schema.org\",\"@type\":\"FAQPage\",\"mainEntity\":[{\"@type\":\"Question\",\"name\":\"Ou00f9 se trouve le siu00e8ge franu00e7ais de L-Acoustics ?\",\"acceptedAnswer\":{\"@type\":\"Answer\",\"text\":\"Le siu00e8ge social de L-Acoustics Group est u00e9tabli u00e0 Marcoussis, dans lu2019Essonne. Pour vu00e9rifier lu2019adresse et lu2019entitu00e9 juridique du2019une offre, lu2019Annuaire des entreprises et lu2019annonce officielle restent les sources les plus fiables.\"}},{\"@type\":\"Question\",\"name\":\"Quels profils peuvent postuler chez L-Acoustics ?\",\"acceptedAnswer\":{\"@type\":\"Answer\",\"text\":\"Les opportunitu00e9s ne concernent pas seulement lu2019ingu00e9nierie acoustique. Selon les besoins publiu00e9s, des profils en production, qualitu00e9, achats, logistique, informatique, finance, ressources humaines, gestion de projet, support ou commerce peuvent u00eatre recherchu00e9s.\"}},{\"@type\":\"Question\",\"name\":\"Ou00f9 consulter les offres du2019emploi L-Acoustics ?\",\"acceptedAnswer\":{\"@type\":\"Answer\",\"text\":\"La page officielle careers.l-acoustics.com est le point de du00e9part le plus fiable. Elle permet de consulter les postes ouverts et les informations de candidature mises u00e0 jour par lu2019employeur.\"}},{\"@type\":\"Question\",\"name\":\"Peut-on candidater sans expu00e9rience dans la technologie sonore ?\",\"acceptedAnswer\":{\"@type\":\"Answer\",\"text\":\"Oui, si les compu00e9tences transfu00e9rables correspondent aux missions : qualitu00e9, u00e9lectronique, logiciel, mu00e9thodes, gestion de projet, supply chain ou fonctions support. La candidature doit du00e9montrer cette correspondance avec des ru00e9alisations pru00e9cises, sans pru00e9tendre mau00eetriser un domaine non pratiquu00e9.\"}}]}\n<\/script>\n<h3>O\u00f9 se trouve le si\u00e8ge fran\u00e7ais de L-Acoustics ?<\/h3>\n<p>Le si\u00e8ge social de L-Acoustics Group est \u00e9tabli \u00e0 Marcoussis, dans l\u2019Essonne. Pour v\u00e9rifier l\u2019adresse et l\u2019entit\u00e9 juridique d\u2019une offre, l\u2019Annuaire des entreprises et l\u2019annonce officielle restent les sources les plus fiables.<\/p>\n<h3>Quels profils peuvent postuler chez L-Acoustics ?<\/h3>\n<p>Les opportunit\u00e9s ne concernent pas seulement l\u2019ing\u00e9nierie acoustique. Selon les besoins publi\u00e9s, des profils en production, qualit\u00e9, achats, logistique, informatique, finance, ressources humaines, gestion de projet, support ou commerce peuvent \u00eatre recherch\u00e9s.<\/p>\n<h3>O\u00f9 consulter les offres d\u2019emploi L-Acoustics ?<\/h3>\n<p>La page officielle careers.l-acoustics.com est le point de d\u00e9part le plus fiable. Elle permet de consulter les postes ouverts et les informations de candidature mises \u00e0 jour par l\u2019employeur.<\/p>\n<h3>Peut-on candidater sans exp\u00e9rience dans la technologie sonore ?<\/h3>\n<p>Oui, si les comp\u00e9tences transf\u00e9rables correspondent aux missions : qualit\u00e9, \u00e9lectronique, logiciel, m\u00e9thodes, gestion de projet, supply chain ou fonctions support. La candidature doit d\u00e9montrer cette correspondance avec des r\u00e9alisations pr\u00e9cises, sans pr\u00e9tendre ma\u00eetriser un domaine non pratiqu\u00e9.<\/p>\n\n","protected":false},"excerpt":{"rendered":"<p>En bref Peu de temps ? Voil\u00e0 ce qu\u2019il faut retenir : Point cl\u00e9 Ce que cela change dans une recherche d\u2019emploi Marcoussis est un site strat\u00e9gique Le si\u00e8ge fran\u00e7ais concentre des fonctions support, techniques et de pilotage : il ne faut pas chercher uniquement des postes de terrain. L\u2019industrie audio recrute des expertises vari\u00e9es [&hellip;]<\/p>\n","protected":false},"author":1,"featured_media":0,"comment_status":"open","ping_status":"closed","sticky":false,"template":"","format":"standard","meta":{"footnotes":""},"categories":[1],"tags":[],"class_list":["post-340","post","type-post","status-publish","format-standard","hentry","category-carriere"],"_links":{"self":[{"href":"https:\/\/allezlesfilles.fr\/blog\/wp-json\/wp\/v2\/posts\/340","targetHints":{"allow":["GET"]}}],"collection":[{"href":"https:\/\/allezlesfilles.fr\/blog\/wp-json\/wp\/v2\/posts"}],"about":[{"href":"https:\/\/allezlesfilles.fr\/blog\/wp-json\/wp\/v2\/types\/post"}],"author":[{"embeddable":true,"href":"https:\/\/allezlesfilles.fr\/blog\/wp-json\/wp\/v2\/users\/1"}],"replies":[{"embeddable":true,"href":"https:\/\/allezlesfilles.fr\/blog\/wp-json\/wp\/v2\/comments?post=340"}],"version-history":[{"count":0,"href":"https:\/\/allezlesfilles.fr\/blog\/wp-json\/wp\/v2\/posts\/340\/revisions"}],"wp:attachment":[{"href":"https:\/\/allezlesfilles.fr\/blog\/wp-json\/wp\/v2\/media?parent=340"}],"wp:term":[{"taxonomy":"category","embeddable":true,"href":"https:\/\/allezlesfilles.fr\/blog\/wp-json\/wp\/v2\/categories?post=340"},{"taxonomy":"post_tag","embeddable":true,"href":"https:\/\/allezlesfilles.fr\/blog\/wp-json\/wp\/v2\/tags?post=340"}],"curies":[{"name":"wp","href":"https:\/\/api.w.org\/{rel}","templated":true}]}}